{"Signatur": "ZH_SVG_001", "Spider": "ZH_Sozialversicherungsgericht", "Sprache": "de", "Datum": "2021-08-18", "HTML": {"Datei": "ZH_Sozialversicherungsgericht/ZH_SVG_001_AL-2021-00137_2021-08-18.html", "URL": "https://findex.webgate.cloud/entscheide/AL.2021.00137.html", "Checksum": "ab02f6c8f315d1d2a0f37406bf4b2053"}, "Scrapedate": "2023-01-01", "Num": ["AL.2021.00137"], "Kopfzeile": [{"Sprachen": ["de"], "Text": "Z\u00fcrich Sozialversicherungsgericht 18.08.2021 AL.2021.00137"}, {"Sprachen": ["fr"], "Text": "Zurich Sozialversicherungsgericht 18.08.2021 AL.2021.00137"}, {"Sprachen": ["it"], "Text": "Zurigo Sozialversicherungsgericht 18.08.2021 AL.2021.00137"}], "Meta": [{"Sprachen": ["de"], "Text": "Z\u00fcrich Sozialversicherungsgericht "}, {"Sprachen": ["fr"], "Text": "Zurich Sozialversicherungsgericht "}, {"Sprachen": ["it"], "Text": "Zurigo Sozialversicherungsgericht "}], "Abstract": [{"Sprachen": ["de", "fr", "it"], "Text": "Versicherter \u00fcbernahm \u00fcber eigene Firma regelm\u00e4ssig kleine VR-Mandate; daneben arbeitete er stets vollzeitig als CEO in einer Drittfirma, bis er selbst k\u00fcndigte; kein Leistungsausschluss aufgrund der fortbestehenden arbeitgeber\u00e4hnlichen Stellung in der eigenen Firma, obschon er einige Monate mit der Leistungsanmeldung zuwartete; gepr\u00fcft unter den Aspekten einer dauerhaften oder vor\u00fcbergehenden Selbst\u00e4ndigkeit und der Vermittlungsf\u00e4higkeit (Bundesgerichtsurteile C 171/03 und 8C_344/2018)"}], "ScrapyJob": "446973/33/1864", "Zeit UTC": "06.05.2025 03:27:32", "Checksum": "89a6f5be9dc4b27ead243faf37579e24"}