{"Signatur": "ZH_SVG_001", "Spider": "ZH_Sozialversicherungsgericht", "Sprache": "de", "Datum": "2021-11-11", "HTML": {"Datei": "ZH_Sozialversicherungsgericht/ZH_SVG_001_AL-2021-00168_2021-11-11.html", "URL": "https://findex.webgate.cloud/entscheide/AL.2021.00168.html", "Checksum": "511a86fce38d334d5a49ecee685ae84a"}, "Scrapedate": "2023-01-01", "Num": ["AL.2021.00168"], "Kopfzeile": [{"Sprachen": ["de"], "Text": "Z\u00fcrich Sozialversicherungsgericht 11.11.2021 AL.2021.00168"}, {"Sprachen": ["fr"], "Text": "Zurich Sozialversicherungsgericht 11.11.2021 AL.2021.00168"}, {"Sprachen": ["it"], "Text": "Zurigo Sozialversicherungsgericht 11.11.2021 AL.2021.00168"}], "Meta": [{"Sprachen": ["de"], "Text": "Z\u00fcrich Sozialversicherungsgericht "}, {"Sprachen": ["fr"], "Text": "Zurich Sozialversicherungsgericht "}, {"Sprachen": ["it"], "Text": "Zurigo Sozialversicherungsgericht "}], "Abstract": [{"Sprachen": ["de", "fr", "it"], "Text": "Keine Kurzarbeitsentsch\u00e4digung f\u00fcr Inhaber von Einzelfirma (auch nicht im Rahmen der Corona-Massnahmen, Covid-19). Kein Erlass der R\u00fcckerstattung der f\u00fcr die Monate M\u00e4rz bis Mai 2020 f\u00e4lschlicherweise entrichteten Kurzarbeitsentsch\u00e4digung, da guter Glaube fehlt. "}], "ScrapyJob": "446973/33/1864", "Zeit UTC": "06.05.2025 03:02:42", "Checksum": "f489a635be7775c0cccb7c68a41a3f8f"}