{"Signatur": "ZH_SVG_001", "Spider": "ZH_Sozialversicherungsgericht", "Sprache": "de", "Datum": "2023-04-20", "HTML": {"Datei": "ZH_Sozialversicherungsgericht/ZH_SVG_001_AL-2023-00012_2023-04-20.html", "URL": "https://findex.webgate.cloud/entscheide/AL.2023.00012.html", "Checksum": "fad7aac7331e80439c114a0719fd6f7b"}, "Scrapedate": "2024-01-29", "Num": ["AL.2023.00012"], "Kopfzeile": [{"Sprachen": ["de"], "Text": "Z\u00fcrich Sozialversicherungsgericht 20.04.2023 AL.2023.00012"}, {"Sprachen": ["fr"], "Text": "Zurich Sozialversicherungsgericht 20.04.2023 AL.2023.00012"}, {"Sprachen": ["it"], "Text": "Zurigo Sozialversicherungsgericht 20.04.2023 AL.2023.00012"}], "Meta": [{"Sprachen": ["de"], "Text": "Z\u00fcrich Sozialversicherungsgericht "}, {"Sprachen": ["fr"], "Text": "Zurich Sozialversicherungsgericht "}, {"Sprachen": ["it"], "Text": "Zurigo Sozialversicherungsgericht "}], "Abstract": [{"Sprachen": ["de", "fr", "it"], "Text": "Beschwerdef\u00fchrerin hat nicht glaubhaft dargelegt, dass geltend gemachter Arbeitsausfall im dritten Quartal 2022 auf Covid-19-Pandemie zur\u00fcckzuf\u00fchren ist. Kein Anspruch auf Kurzarbeitsentsch\u00e4digung.  (BGE 8C_374/2023)"}], "ScrapyJob": "446973/33/1380", "Zeit UTC": "29.01.2024 03:59:08", "Checksum": "6e186d6202d7484547c32d938a03122e"}