{"Signatur": "ZH_SVG_001", "Spider": "ZH_Sozialversicherungsgericht", "Sprache": "de", "Datum": "2023-04-21", "HTML": {"Datei": "ZH_Sozialversicherungsgericht/ZH_SVG_001_AL-2023-00012_2023-04-21.html", "URL": "https://findex.webgate.cloud/entscheide/AL.2023.00012.html", "Checksum": "29199097063d6462d15afd989d5cc66f"}, "Scrapedate": "2023-01-01", "Num": ["AL.2023.00012"], "Kopfzeile": [{"Sprachen": ["de"], "Text": "Z\u00fcrich Sozialversicherungsgericht 21.04.2023 AL.2023.00012"}, {"Sprachen": ["fr"], "Text": "Zurich Sozialversicherungsgericht 21.04.2023 AL.2023.00012"}, {"Sprachen": ["it"], "Text": "Zurigo Sozialversicherungsgericht 21.04.2023 AL.2023.00012"}], "Meta": [{"Sprachen": ["de"], "Text": "Z\u00fcrich Sozialversicherungsgericht "}, {"Sprachen": ["fr"], "Text": "Zurich Sozialversicherungsgericht "}, {"Sprachen": ["it"], "Text": "Zurigo Sozialversicherungsgericht "}], "Abstract": [{"Sprachen": ["de", "fr", "it"], "Text": "Beschwerdef\u00fchrerin hat nicht glaubhaft dargelegt, dass geltend gemachter Arbeitsausfall im dritten Quartal 2022 auf Covid-19-Pandemie zur\u00fcckzuf\u00fchren ist. Kein Anspruch auf Kurzarbeitsentsch\u00e4digung.  (BGE 8C_374/2023)"}], "ScrapyJob": "446973/33/1947", "Zeit UTC": "24.07.2025 00:51:14", "Checksum": "3f3ca9a5b6dbb7562b547497b1f9ba38"}