{"Signatur": "ZH_SVG_001", "Spider": "ZH_Sozialversicherungsgericht", "Sprache": "de", "Datum": "2024-11-29", "HTML": {"Datei": "ZH_Sozialversicherungsgericht/ZH_SVG_001_AL-2024-00007_2024-11-29.html", "URL": "https://findex.webgate.cloud/entscheide/AL.2024.00007.html", "Checksum": "4a943c7f44ccec71268be4a77d7bf186"}, "Scrapedate": "2023-01-01", "Num": ["AL.2024.00007"], "Kopfzeile": [{"Sprachen": ["de"], "Text": "Z\u00fcrich Sozialversicherungsgericht 29.11.2024 AL.2024.00007"}, {"Sprachen": ["fr"], "Text": "Zurich Sozialversicherungsgericht 29.11.2024 AL.2024.00007"}, {"Sprachen": ["it"], "Text": "Zurigo Sozialversicherungsgericht 29.11.2024 AL.2024.00007"}], "Meta": [{"Sprachen": ["de"], "Text": "Z\u00fcrich Sozialversicherungsgericht "}, {"Sprachen": ["fr"], "Text": "Zurich Sozialversicherungsgericht "}, {"Sprachen": ["it"], "Text": "Zurigo Sozialversicherungsgericht "}], "Abstract": [{"Sprachen": ["de", "fr", "it"], "Text": "Einstellung in der Anspruchsberechtigung gest\u00fctzt auf Art.\u00a030 Abs.\u00a01 lit. e AVIG, weil sich der Beschwerdef\u00fchrer trotz eines entschuldbaren Grundes (Probearbeitstag) f\u00fcr die Nichtteilnahme am Kontroll- und Beratungsgespr\u00e4ch beim RAV nicht f\u00fcr diesen Termin abgemeldet hat. Reduktion der Einstelltage von sechs auf drei."}], "ScrapyJob": "446973/33/1947", "Zeit UTC": "24.07.2025 00:56:31", "Checksum": "22e7397eaaa3053fc09d4e2a68cb22b5"}