{"Signatur": "ZH_SVG_001", "Spider": "ZH_Sozialversicherungsgericht", "Sprache": "de", "Datum": "2025-09-15", "HTML": {"Datei": "ZH_Sozialversicherungsgericht/ZH_SVG_001_AL-2024-00121_2025-09-15.html", "URL": "https://findex.webgate.cloud/entscheide/AL.2024.00121.html", "Checksum": "39f6fa0d437ad8fff9778f82cae3e53d"}, "Scrapedate": "2026-03-20", "Num": ["AL.2024.00121"], "Kopfzeile": [{"Sprachen": ["de"], "Text": "Z\u00fcrich Sozialversicherungsgericht 15.09.2025 AL.2024.00121"}, {"Sprachen": ["fr"], "Text": "Zurich Sozialversicherungsgericht 15.09.2025 AL.2024.00121"}, {"Sprachen": ["it"], "Text": "Zurigo Sozialversicherungsgericht 15.09.2025 AL.2024.00121"}], "Meta": [{"Sprachen": ["de"], "Text": "Z\u00fcrich Sozialversicherungsgericht "}, {"Sprachen": ["fr"], "Text": "Zurich Sozialversicherungsgericht "}, {"Sprachen": ["it"], "Text": "Zurigo Sozialversicherungsgericht "}], "Abstract": [{"Sprachen": ["de", "fr", "it"], "Text": "Arbeitsbem\u00fchungen; keine Reduktion von 8 auf 3 Einstelltage bei 2 Krankheitstagen zu Beginn der Kontrollperiode, verschuldet versp\u00e4teter Einreichung von 2/3 der geforderten Nachweise und rechtzeitigem Hinweis des RAV-Beraters, dass (bei unklarer Anspruchsberechtigung) offen sei, ob die Ferien als kontrollfreie Tage ber\u00fccksichtigt werden k\u00f6nnten und andernfalls 10 Bewerbungen n\u00f6tig seien"}], "ScrapyJob": "446973/33/2196", "Zeit UTC": "20.03.2026 00:46:05", "Checksum": "497e4e99dbb5eed64bd76caabfb61bd5"}