{"Signatur": "ZH_SVG_001", "Spider": "ZH_Sozialversicherungsgericht", "Sprache": "de", "Datum": "2025-10-31", "HTML": {"Datei": "ZH_Sozialversicherungsgericht/ZH_SVG_001_AL-2025-00196_2025-10-31.html", "URL": "https://findex.webgate.cloud/entscheide/AL.2025.00196.html", "Checksum": "9941768481de969bcd1c87ef84ba8c6e"}, "Scrapedate": "2026-04-15", "Num": ["AL.2025.00196"], "Kopfzeile": [{"Sprachen": ["de"], "Text": "Z\u00fcrich Sozialversicherungsgericht 31.10.2025 AL.2025.00196"}, {"Sprachen": ["fr"], "Text": "Zurich Sozialversicherungsgericht 31.10.2025 AL.2025.00196"}, {"Sprachen": ["it"], "Text": "Zurigo Sozialversicherungsgericht 31.10.2025 AL.2025.00196"}], "Meta": [{"Sprachen": ["de"], "Text": "Z\u00fcrich Sozialversicherungsgericht "}, {"Sprachen": ["fr"], "Text": "Zurich Sozialversicherungsgericht "}, {"Sprachen": ["it"], "Text": "Zurigo Sozialversicherungsgericht "}], "Abstract": [{"Sprachen": ["de", "fr", "it"], "Text": "Nachtr\u00e4gliche Abgeltungen aus dem Arbeitsverh\u00e4ltnis f\u00fcr nicht bezogene Ferien- und Kompensationstage haben keine Verl\u00e4ngerung der Beitragszeit zur Folge. Abweisung."}], "ScrapyJob": "446973/33/2223", "Zeit UTC": "15.04.2026 00:40:15", "Checksum": "dccca571b2b1f1d565a21c7f3e193283"}