{"Signatur": "ZH_SVG_001", "Spider": "ZH_Sozialversicherungsgericht", "Sprache": "de", "Datum": "2003-12-08", "HTML": {"Datei": "ZH_Sozialversicherungsgericht/ZH_SVG_001_BV-2003-00029_2003-12-08.html", "URL": "https://chid003d.ideso.ch/c050018/svg/findexweb.nsf/urteil.xsp?uid=UWEE-9AQKB3", "Checksum": "7b87d92f1bc7281b85d659a59d2518dc"}, "Num": ["BV.2003.00029"], "Kopfzeile": [{"Sprachen": ["de"], "Text": "Z\u00fcrich Sozialverischerungsgericht 08.12.2003 BV.2003.00029"}, {"Sprachen": ["fr"], "Text": "Zurich Sozialverischerungsgericht 08.12.2003 BV.2003.00029"}, {"Sprachen": ["it"], "Text": "Zurigo Sozialverischerungsgericht 08.12.2003 BV.2003.00029"}], "Meta": [{"Sprachen": ["de"], "Text": "Z\u00fcrich Sozialverischerungsgericht "}, {"Sprachen": ["fr"], "Text": "Zurich Sozialverischerungsgericht "}, {"Sprachen": ["it"], "Text": "Zurigo Sozialverischerungsgericht "}], "Abstract": [{"Sprachen": ["de", "fr", "it"], "Text": "Invalidenleistungen; zeitlicher Zusammenhang zwischen urspr\u00fcnglicher Arbeitsunf\u00e4higkeit und sp\u00e4terer Invalidit\u00e4t verneint"}], "ScrapyJob": "446973/33/117", "Zeit UTC": "21.02.2021 01:14:01", "Checksum": "2afdf5a1ac9e639740b5e754c130bab8"}