{"Signatur": "ZH_SVG_001", "Spider": "ZH_Sozialversicherungsgericht", "Sprache": "de", "Datum": "2004-09-24", "HTML": {"Datei": "ZH_Sozialversicherungsgericht/ZH_SVG_001_BV-2003-00085_2004-09-24.html", "URL": "https://chid003d.ideso.ch/c050018/svg/findexweb.nsf/urteil.xsp?uid=UWEE-9AQLR9", "Checksum": "8c83876b48604abacae26f64f6620653"}, "Num": ["BV.2003.00085"], "Kopfzeile": [{"Sprachen": ["de"], "Text": "Z\u00fcrich Sozialverischerungsgericht 24.09.2004 BV.2003.00085"}, {"Sprachen": ["fr"], "Text": "Zurich Sozialverischerungsgericht 24.09.2004 BV.2003.00085"}, {"Sprachen": ["it"], "Text": "Zurigo Sozialverischerungsgericht 24.09.2004 BV.2003.00085"}], "Meta": [{"Sprachen": ["de"], "Text": "Z\u00fcrich Sozialverischerungsgericht "}, {"Sprachen": ["fr"], "Text": "Zurich Sozialverischerungsgericht "}, {"Sprachen": ["it"], "Text": "Zurigo Sozialverischerungsgericht "}], "Abstract": [{"Sprachen": ["de", "fr", "it"], "Text": "Invalidenrente, Beginn Arbeitsunf\u00e4higkeit, Zusammenhang zwischen Reduktion des Arbeitspensums und medizinisch begr\u00fcndeter Arbeitsunf\u00e4higkeit"}], "ScrapyJob": "446973/33/117", "Zeit UTC": "21.02.2021 01:14:07", "Checksum": "38d88137fecb51cb9e0e6441889f433a"}