{"Signatur": "ZH_SVG_001", "Spider": "ZH_Sozialversicherungsgericht", "Sprache": "de", "Datum": "2005-02-02", "HTML": {"Datei": "ZH_Sozialversicherungsgericht/ZH_SVG_001_BV-2003-00103_2005-02-02.html", "URL": "https://chid003d.ideso.ch/c050018/svg/findexweb.nsf/urteil.xsp?uid=UWEE-9AQMGG", "Checksum": "3e562f8587d5f190e3e6bb04c65f32c4"}, "Num": ["BV.2003.00103"], "Kopfzeile": [{"Sprachen": ["de"], "Text": "Z\u00fcrich Sozialverischerungsgericht 02.02.2005 BV.2003.00103"}, {"Sprachen": ["fr"], "Text": "Zurich Sozialverischerungsgericht 02.02.2005 BV.2003.00103"}, {"Sprachen": ["it"], "Text": "Zurigo Sozialverischerungsgericht 02.02.2005 BV.2003.00103"}], "Meta": [{"Sprachen": ["de"], "Text": "Z\u00fcrich Sozialverischerungsgericht "}, {"Sprachen": ["fr"], "Text": "Zurich Sozialverischerungsgericht "}, {"Sprachen": ["it"], "Text": "Zurigo Sozialverischerungsgericht "}], "Abstract": [{"Sprachen": ["de", "fr", "it"], "Text": "Nur krankheitsbedingte Invalidit\u00e4t vom \u00dcberobligatorium gedeckt. Stellt Bezug einer unfallbedingten Invalidenrente bez\u00fcglich \u00dcberobligatorium Freiz\u00fcgigkeitsfall dar ?"}], "ScrapyJob": "446973/33/117", "Zeit UTC": "21.02.2021 00:07:04", "Checksum": "858adb096c322ab5e5d2cdc6883536b0"}