{"Signatur": "ZH_SVG_001", "Spider": "ZH_Sozialversicherungsgericht", "Sprache": "de", "Datum": "2005-01-11", "HTML": {"Datei": "ZH_Sozialversicherungsgericht/ZH_SVG_001_BV-2003-00121_2005-01-11.html", "URL": "https://chid003d.ideso.ch/c050018/svg/findexweb.nsf/urteil.xsp?uid=UWEE-9AQM9Q", "Checksum": "6bf0f22bc4f44bf0a892a3017aafa2d7"}, "Num": ["BV.2003.00121"], "Kopfzeile": [{"Sprachen": ["de"], "Text": "Z\u00fcrich Sozialverischerungsgericht 11.01.2005 BV.2003.00121"}, {"Sprachen": ["fr"], "Text": "Zurich Sozialverischerungsgericht 11.01.2005 BV.2003.00121"}, {"Sprachen": ["it"], "Text": "Zurigo Sozialverischerungsgericht 11.01.2005 BV.2003.00121"}], "Meta": [{"Sprachen": ["de"], "Text": "Z\u00fcrich Sozialverischerungsgericht "}, {"Sprachen": ["fr"], "Text": "Zurich Sozialverischerungsgericht "}, {"Sprachen": ["it"], "Text": "Zurigo Sozialverischerungsgericht "}], "Abstract": [{"Sprachen": ["de", "fr", "it"], "Text": "Erfordernis des engen zeitlichen und sachlichen Zusammenhangs zwischen der Erh\u00f6hung des Invalidit\u00e4tsgrades und der fr\u00fcher eingetrenen Arbeitsunf\u00e4higkeit"}], "ScrapyJob": "446973/33/117", "Zeit UTC": "21.02.2021 00:07:07", "Checksum": "ff309172b1abafe197e56d0d09c025d0"}