{"Signatur": "ZH_SVG_001", "Spider": "ZH_Sozialversicherungsgericht", "Sprache": "de", "Datum": "2007-08-08", "HTML": {"Datei": "ZH_Sozialversicherungsgericht/ZH_SVG_001_BV-2005-00095_2007-08-08.html", "URL": "https://chid003d.ideso.ch/c050018/svg/findexweb.nsf/urteil.xsp?uid=UWEE-9AQSA2", "Checksum": "0a21c8013b18002fcc9f420321a80ff6"}, "Num": ["BV.2005.00095"], "Kopfzeile": [{"Sprachen": ["de"], "Text": "Z\u00fcrich Sozialverischerungsgericht 08.08.2007 BV.2005.00095"}, {"Sprachen": ["fr"], "Text": "Zurich Sozialverischerungsgericht 08.08.2007 BV.2005.00095"}, {"Sprachen": ["it"], "Text": "Zurigo Sozialverischerungsgericht 08.08.2007 BV.2005.00095"}], "Meta": [{"Sprachen": ["de"], "Text": "Z\u00fcrich Sozialverischerungsgericht "}, {"Sprachen": ["fr"], "Text": "Zurich Sozialverischerungsgericht "}, {"Sprachen": ["it"], "Text": "Zurigo Sozialverischerungsgericht "}], "Abstract": [{"Sprachen": ["de", "fr", "it"], "Text": "Eintritt der zur Invalidit\u00e4t f\u00fchrenden Arbeitsunf\u00e4higkeit; enger zeitlicher Zusammenhang verneint."}], "ScrapyJob": "446973/33/117", "Zeit UTC": "21.02.2021 01:08:14", "Checksum": "7e5da354da12def150483186d68dc841"}