{"Signatur": "ZH_SVG_001", "Spider": "ZH_Sozialversicherungsgericht", "Sprache": "de", "Datum": "2006-10-31", "HTML": {"Datei": "ZH_Sozialversicherungsgericht/ZH_SVG_001_BV-2006-00014_2006-10-31.html", "URL": "https://chid003d.ideso.ch/c050018/svg/findexweb.nsf/urteil.xsp?uid=UWEE-9AQT36", "Checksum": "b414d18873b6f0498ec3331f71005bbc"}, "Num": ["BV.2006.00014"], "Kopfzeile": [{"Sprachen": ["de"], "Text": "Z\u00fcrich Sozialverischerungsgericht 31.10.2006 BV.2006.00014"}, {"Sprachen": ["fr"], "Text": "Zurich Sozialverischerungsgericht 31.10.2006 BV.2006.00014"}, {"Sprachen": ["it"], "Text": "Zurigo Sozialverischerungsgericht 31.10.2006 BV.2006.00014"}], "Meta": [{"Sprachen": ["de"], "Text": "Z\u00fcrich Sozialverischerungsgericht "}, {"Sprachen": ["fr"], "Text": "Zurich Sozialverischerungsgericht "}, {"Sprachen": ["it"], "Text": "Zurigo Sozialverischerungsgericht "}], "Abstract": [{"Sprachen": ["de", "fr", "it"], "Text": "Invalidenrente: Zeitlicher u. sachlicher Zusammenhang zwischen invalidisierender Krankheit und allf\u00e4lliger Arbeitsunf\u00e4higkeit  w\u00e4hrend der Versicherungsdauer verneint."}], "ScrapyJob": "446973/33/117", "Zeit UTC": "21.02.2021 01:05:20", "Checksum": "efe943548fd7fb3d8b8585cebd7d2cb8"}