{"Signatur": "ZH_SVG_001", "Spider": "ZH_Sozialversicherungsgericht", "Sprache": "de", "Datum": "2007-08-26", "HTML": {"Datei": "ZH_Sozialversicherungsgericht/ZH_SVG_001_BV-2006-00015_2007-08-26.html", "URL": "https://findex.webgate.cloud/entscheide/BV.2006.00015.html", "Checksum": "4bf7f2c17737a0e9ff912ad1b1d759b5"}, "Scrapedate": "2023-01-01", "Num": ["BV.2006.00015"], "Kopfzeile": [{"Sprachen": ["de"], "Text": "Z\u00fcrich Sozialversicherungsgericht 26.08.2007 BV.2006.00015"}, {"Sprachen": ["fr"], "Text": "Zurich Sozialversicherungsgericht 26.08.2007 BV.2006.00015"}, {"Sprachen": ["it"], "Text": "Zurigo Sozialversicherungsgericht 26.08.2007 BV.2006.00015"}], "Meta": [{"Sprachen": ["de"], "Text": "Z\u00fcrich Sozialversicherungsgericht "}, {"Sprachen": ["fr"], "Text": "Zurich Sozialversicherungsgericht "}, {"Sprachen": ["it"], "Text": "Zurigo Sozialversicherungsgericht "}], "Abstract": [{"Sprachen": ["de", "fr", "it"], "Text": "Invalidenrente, fehlender sachlicher Zusammenhang zwischen der w\u00e4hrend der Versicherungszeit eingetretenen Arbeitsunf\u00e4higkeit und der sp\u00e4teren Invalidit\u00e4t"}], "ScrapyJob": "446973/33/1864", "Zeit UTC": "06.05.2025 03:13:12", "Checksum": "79326314f08a39ad905b4f4f4a350520"}