{"Signatur": "ZH_SVG_001", "Spider": "ZH_Sozialversicherungsgericht", "Sprache": "de", "Datum": "2007-08-27", "HTML": {"Datei": "ZH_Sozialversicherungsgericht/ZH_SVG_001_BV-2006-00015_2007-08-27.html", "URL": "https://chid003d.ideso.ch/c050018/svg/findexweb.nsf/urteil.xsp?uid=UWEE-9AQSNN", "Checksum": "0ae0d35afe994bf762130f6a15718367"}, "Num": ["BV.2006.00015"], "Kopfzeile": [{"Sprachen": ["de"], "Text": "Z\u00fcrich Sozialverischerungsgericht 27.08.2007 BV.2006.00015"}, {"Sprachen": ["fr"], "Text": "Zurich Sozialverischerungsgericht 27.08.2007 BV.2006.00015"}, {"Sprachen": ["it"], "Text": "Zurigo Sozialverischerungsgericht 27.08.2007 BV.2006.00015"}], "Meta": [{"Sprachen": ["de"], "Text": "Z\u00fcrich Sozialverischerungsgericht "}, {"Sprachen": ["fr"], "Text": "Zurich Sozialverischerungsgericht "}, {"Sprachen": ["it"], "Text": "Zurigo Sozialverischerungsgericht "}], "Abstract": [{"Sprachen": ["de", "fr", "it"], "Text": "Invalidenrente, fehlender sachlicher Zusammenhang zwischen der w\u00e4hrend der Versicherungszeit eingetretenen Arbeitsunf\u00e4higkeit und der sp\u00e4teren Invalidit\u00e4t"}], "ScrapyJob": "446973/33/117", "Zeit UTC": "21.02.2021 01:05:22", "Checksum": "50129202842307c303947f30bbb0ed3e"}