{"Signatur": "ZH_SVG_001", "Spider": "ZH_Sozialversicherungsgericht", "Sprache": "de", "Datum": "2009-09-22", "HTML": {"Datei": "ZH_Sozialversicherungsgericht/ZH_SVG_001_BV-2007-00075_2009-09-22.html", "URL": "https://chid003d.ideso.ch/c050018/svg/findexweb.nsf/urteil.xsp?uid=UWEE-9AR2ML", "Checksum": "f501994e0e02fcdd09ce6b8a87995fd9"}, "Num": ["BV.2007.00075"], "Kopfzeile": [{"Sprachen": ["de"], "Text": "Z\u00fcrich Sozialverischerungsgericht 22.09.2009 BV.2007.00075"}, {"Sprachen": ["fr"], "Text": "Zurich Sozialverischerungsgericht 22.09.2009 BV.2007.00075"}, {"Sprachen": ["it"], "Text": "Zurigo Sozialverischerungsgericht 22.09.2009 BV.2007.00075"}], "Meta": [{"Sprachen": ["de"], "Text": "Z\u00fcrich Sozialverischerungsgericht "}, {"Sprachen": ["fr"], "Text": "Zurich Sozialverischerungsgericht "}, {"Sprachen": ["it"], "Text": "Zurigo Sozialverischerungsgericht "}], "Abstract": [{"Sprachen": ["de", "fr", "it"], "Text": "Eintritts der Arbeitsunf\u00e4higkeit, deren Ursache zur Invalidit\u00e4t gef\u00fchrt hat; Zeitpunkt nicht nachgewiesen; keine Leistungspflicht der Berufsvorsorgeeintrichtung."}], "ScrapyJob": "446973/33/117", "Zeit UTC": "21.02.2021 00:11:19", "Checksum": "a437da7770fdd8e4538e1355e317ce0a"}