{"Signatur": "ZH_SVG_001", "Spider": "ZH_Sozialversicherungsgericht", "Sprache": "de", "Datum": "2009-12-28", "HTML": {"Datei": "ZH_Sozialversicherungsgericht/ZH_SVG_001_BV-2008-00017_2009-12-28.html", "URL": "https://findex.webgate.cloud/entscheide/BV.2008.00017.html", "Checksum": "7c72bb72caa16daa72b6d846aafe5d41"}, "Scrapedate": "2023-01-01", "Num": ["BV.2008.00017"], "Kopfzeile": [{"Sprachen": ["de"], "Text": "Z\u00fcrich Sozialversicherungsgericht 28.12.2009 BV.2008.00017"}, {"Sprachen": ["fr"], "Text": "Zurich Sozialversicherungsgericht 28.12.2009 BV.2008.00017"}, {"Sprachen": ["it"], "Text": "Zurigo Sozialversicherungsgericht 28.12.2009 BV.2008.00017"}], "Meta": [{"Sprachen": ["de"], "Text": "Z\u00fcrich Sozialversicherungsgericht "}, {"Sprachen": ["fr"], "Text": "Zurich Sozialversicherungsgericht "}, {"Sprachen": ["it"], "Text": "Zurigo Sozialversicherungsgericht "}], "Abstract": [{"Sprachen": ["de", "fr", "it"], "Text": "Invalidenrente: Zeitlicher Zusammenhang zwischen w\u00e4hrend versicherter Anstellung aufgetretener und f\u00fcr Beginn des IV-Wartejahres massgebender Arbeitsunf\u00e4higkeit verneint."}], "ScrapyJob": "446973/33/1864", "Zeit UTC": "06.05.2025 02:17:55", "Checksum": "8ba11ce1e6202b7267fcc7f053cd2b9e"}