{"Signatur": "ZH_SVG_001", "Spider": "ZH_Sozialversicherungsgericht", "Sprache": "de", "Datum": "2009-12-29", "HTML": {"Datei": "ZH_Sozialversicherungsgericht/ZH_SVG_001_BV-2008-00017_2009-12-29.html", "URL": "https://chid003d.ideso.ch/c050018/svg/findexweb.nsf/urteil.xsp?uid=UWEE-9AR3AF", "Checksum": "5a297bb72aeecf86976655d6bd4bd93a"}, "Num": ["BV.2008.00017"], "Kopfzeile": [{"Sprachen": ["de"], "Text": "Z\u00fcrich Sozialverischerungsgericht 29.12.2009 BV.2008.00017"}, {"Sprachen": ["fr"], "Text": "Zurich Sozialverischerungsgericht 29.12.2009 BV.2008.00017"}, {"Sprachen": ["it"], "Text": "Zurigo Sozialverischerungsgericht 29.12.2009 BV.2008.00017"}], "Meta": [{"Sprachen": ["de"], "Text": "Z\u00fcrich Sozialverischerungsgericht "}, {"Sprachen": ["fr"], "Text": "Zurich Sozialverischerungsgericht "}, {"Sprachen": ["it"], "Text": "Zurigo Sozialverischerungsgericht "}], "Abstract": [{"Sprachen": ["de", "fr", "it"], "Text": "Invalidenrente: Zeitlicher Zusammenhang zwischen w\u00e4hrend versicherter Anstellung aufgetretener und f\u00fcr Beginn des IV-Wartejahres massgebender Arbeitsunf\u00e4higkeit verneint."}], "ScrapyJob": "446973/33/117", "Zeit UTC": "21.02.2021 00:58:56", "Checksum": "3102eb472ecc88965365af9234dcbafb"}