{"Signatur": "ZH_SVG_001", "Spider": "ZH_Sozialversicherungsgericht", "Sprache": "de", "Datum": "2009-11-27", "HTML": {"Datei": "ZH_Sozialversicherungsgericht/ZH_SVG_001_BV-2008-00033_2009-11-27.html", "URL": "https://chid003d.ideso.ch/c050018/svg/findexweb.nsf/urteil.xsp?uid=UWEE-9AR3B7", "Checksum": "7aa7e86eda61d5d083500d6c5f5369e2"}, "Num": ["BV.2008.00033"], "Kopfzeile": [{"Sprachen": ["de"], "Text": "Z\u00fcrich Sozialverischerungsgericht 27.11.2009 BV.2008.00033"}, {"Sprachen": ["fr"], "Text": "Zurich Sozialverischerungsgericht 27.11.2009 BV.2008.00033"}, {"Sprachen": ["it"], "Text": "Zurigo Sozialverischerungsgericht 27.11.2009 BV.2008.00033"}], "Meta": [{"Sprachen": ["de"], "Text": "Z\u00fcrich Sozialverischerungsgericht "}, {"Sprachen": ["fr"], "Text": "Zurich Sozialverischerungsgericht "}, {"Sprachen": ["it"], "Text": "Zurigo Sozialverischerungsgericht "}], "Abstract": [{"Sprachen": ["de", "fr", "it"], "Text": "Zeitpunkt des Eintritts der Arbeitsunf\u00e4higkeit, deren Ursache zur Invalidit\u00e4t gef\u00fchrt hat."}], "ScrapyJob": "446973/33/117", "Zeit UTC": "21.02.2021 00:58:59", "Checksum": "9a0190580afca8ad93c161cf2d23412c"}