{"Signatur": "ZH_SVG_001", "Spider": "ZH_Sozialversicherungsgericht", "Sprache": "de", "Datum": "2010-04-14", "HTML": {"Datei": "ZH_Sozialversicherungsgericht/ZH_SVG_001_BV-2008-00062_2010-04-14.html", "URL": "https://chid003d.ideso.ch/c050018/svg/findexweb.nsf/urteil.xsp?uid=UWEE-9AR3T2", "Checksum": "9cd0dcd5f489dbc607fc9340e977b964"}, "Num": ["BV.2008.00062"], "Kopfzeile": [{"Sprachen": ["de"], "Text": "Z\u00fcrich Sozialverischerungsgericht 14.04.2010 BV.2008.00062"}, {"Sprachen": ["fr"], "Text": "Zurich Sozialverischerungsgericht 14.04.2010 BV.2008.00062"}, {"Sprachen": ["it"], "Text": "Zurigo Sozialverischerungsgericht 14.04.2010 BV.2008.00062"}], "Meta": [{"Sprachen": ["de"], "Text": "Z\u00fcrich Sozialverischerungsgericht "}, {"Sprachen": ["fr"], "Text": "Zurich Sozialverischerungsgericht "}, {"Sprachen": ["it"], "Text": "Zurigo Sozialverischerungsgericht "}], "Abstract": [{"Sprachen": ["de", "fr", "it"], "Text": "In vollst\u00e4ndiger Invalidit\u00e4t resultierende psychisch bedingte AUF trat noch w\u00e4hrend der Dauer des Vorsorgeverh\u00e4ltnisses ein; teilweise Gutheissung."}], "ScrapyJob": "446973/33/117", "Zeit UTC": "21.02.2021 00:59:01", "Checksum": "f7a0d2c1b1c5fb974966840197f64aab"}