{"Signatur": "ZH_SVG_001", "Spider": "ZH_Sozialversicherungsgericht", "Sprache": "de", "Datum": "2009-07-08", "HTML": {"Datei": "ZH_Sozialversicherungsgericht/ZH_SVG_001_BV-2008-00073_2009-07-08.html", "URL": "https://chid003d.ideso.ch/c050018/svg/findexweb.nsf/urteil.xsp?uid=UWEE-9AR238", "Checksum": "35c0aad2c22efb7f375b914452a00588"}, "Num": ["BV.2008.00073"], "Kopfzeile": [{"Sprachen": ["de"], "Text": "Z\u00fcrich Sozialverischerungsgericht 08.07.2009 BV.2008.00073"}, {"Sprachen": ["fr"], "Text": "Zurich Sozialverischerungsgericht 08.07.2009 BV.2008.00073"}, {"Sprachen": ["it"], "Text": "Zurigo Sozialverischerungsgericht 08.07.2009 BV.2008.00073"}], "Meta": [{"Sprachen": ["de"], "Text": "Z\u00fcrich Sozialverischerungsgericht "}, {"Sprachen": ["fr"], "Text": "Zurich Sozialverischerungsgericht "}, {"Sprachen": ["it"], "Text": "Zurigo Sozialverischerungsgericht "}], "Abstract": [{"Sprachen": ["de", "fr", "it"], "Text": "Nach Erkrankung erlangt Versicherter seine Arbeitsf\u00e4higkeit w\u00e4hrend l\u00e4ngerer Dauer wieder zur\u00fcck, weshalb der zeitliche Zusammenhang durchbrochen ist"}], "ScrapyJob": "446973/33/117", "Zeit UTC": "21.02.2021 00:59:01", "Checksum": "f631e2c03af7bef782ea17ed883bde39"}