{"Signatur": "ZH_SVG_001", "Spider": "ZH_Sozialversicherungsgericht", "Sprache": "de", "Datum": "2010-07-12", "HTML": {"Datei": "ZH_Sozialversicherungsgericht/ZH_SVG_001_BV-2008-00111_2010-07-12.html", "URL": "https://chid003d.ideso.ch/c050018/svg/findexweb.nsf/urteil.xsp?uid=UWEE-9AR4V4", "Checksum": "5823c2d64a51cedccacff14f74cd5a27"}, "Num": ["BV.2008.00111"], "Kopfzeile": [{"Sprachen": ["de"], "Text": "Z\u00fcrich Sozialverischerungsgericht 12.07.2010 BV.2008.00111"}, {"Sprachen": ["fr"], "Text": "Zurich Sozialverischerungsgericht 12.07.2010 BV.2008.00111"}, {"Sprachen": ["it"], "Text": "Zurigo Sozialverischerungsgericht 12.07.2010 BV.2008.00111"}], "Meta": [{"Sprachen": ["de"], "Text": "Z\u00fcrich Sozialverischerungsgericht "}, {"Sprachen": ["fr"], "Text": "Zurich Sozialverischerungsgericht "}, {"Sprachen": ["it"], "Text": "Zurigo Sozialverischerungsgericht "}], "Abstract": [{"Sprachen": ["de", "fr", "it"], "Text": "Zeitlicher Zusammenhang zwischen psychisch- und schmerzbedingter Arbeitsunf\u00e4higkeit und nachtr\u00e4glich eingetretener Invalidit\u00e4t nicht erf\u00fcllt."}], "ScrapyJob": "446973/33/117", "Zeit UTC": "21.02.2021 00:12:25", "Checksum": "9857718a602fb76e1cc05345c10bf211"}