{"Signatur": "ZH_SVG_001", "Spider": "ZH_Sozialversicherungsgericht", "Sprache": "de", "Datum": "2010-10-16", "HTML": {"Datei": "ZH_Sozialversicherungsgericht/ZH_SVG_001_BV-2009-00015_2010-10-16.html", "URL": "https://chid003d.ideso.ch/c050018/svg/findexweb.nsf/urteil.xsp?uid=UWEE-9AR52S", "Checksum": "79a02d2fa8e5c3b5bb6a11f10f10664a"}, "Num": ["BV.2009.00015"], "Kopfzeile": [{"Sprachen": ["de"], "Text": "Z\u00fcrich Sozialverischerungsgericht 16.10.2010 BV.2009.00015"}, {"Sprachen": ["fr"], "Text": "Zurich Sozialverischerungsgericht 16.10.2010 BV.2009.00015"}, {"Sprachen": ["it"], "Text": "Zurigo Sozialverischerungsgericht 16.10.2010 BV.2009.00015"}], "Meta": [{"Sprachen": ["de"], "Text": "Z\u00fcrich Sozialverischerungsgericht "}, {"Sprachen": ["fr"], "Text": "Zurich Sozialverischerungsgericht "}, {"Sprachen": ["it"], "Text": "Zurigo Sozialverischerungsgericht "}], "Abstract": [{"Sprachen": ["de", "fr", "it"], "Text": "Eintritt der Arbeitsunf\u00e4higkeit, deren Ursache zur Invalidit\u00e4t gef\u00fchrt hat; enger sachlicher und zeitlicher Zusammenhang verneint."}], "ScrapyJob": "446973/33/117", "Zeit UTC": "21.02.2021 00:56:14", "Checksum": "3b4a97d90e0d25177f68b643357c3409"}