{"Signatur": "ZH_SVG_001", "Spider": "ZH_Sozialversicherungsgericht", "Sprache": "de", "Datum": "2010-11-17", "HTML": {"Datei": "ZH_Sozialversicherungsgericht/ZH_SVG_001_BV-2009-00023_2010-11-17.html", "URL": "https://chid003d.ideso.ch/c050018/svg/findexweb.nsf/urteil.xsp?uid=UWEE-9AR4UQ", "Checksum": "9087e919e00dc31d2ba0d8a855ce4869"}, "Num": ["BV.2009.00023"], "Kopfzeile": [{"Sprachen": ["de"], "Text": "Z\u00fcrich Sozialverischerungsgericht 17.11.2010 BV.2009.00023"}, {"Sprachen": ["fr"], "Text": "Zurich Sozialverischerungsgericht 17.11.2010 BV.2009.00023"}, {"Sprachen": ["it"], "Text": "Zurigo Sozialverischerungsgericht 17.11.2010 BV.2009.00023"}], "Meta": [{"Sprachen": ["de"], "Text": "Z\u00fcrich Sozialverischerungsgericht "}, {"Sprachen": ["fr"], "Text": "Zurich Sozialverischerungsgericht "}, {"Sprachen": ["it"], "Text": "Zurigo Sozialverischerungsgericht "}], "Abstract": [{"Sprachen": ["de", "fr", "it"], "Text": "Keine Leistungen aus gebundener Vorsorge wegen Deckungsausschluss f\u00fcr Poliomyelitis. Uneingeschr\u00e4nkte Leistungsf\u00e4higkeit vor Unfall nicht erwiesen."}], "ScrapyJob": "446973/33/117", "Zeit UTC": "21.02.2021 00:56:16", "Checksum": "6a5f41f6100c1663adf9049fd7c7c07f"}