{"Signatur": "ZH_SVG_001", "Spider": "ZH_Sozialversicherungsgericht", "Sprache": "de", "Datum": "2011-03-23", "HTML": {"Datei": "ZH_Sozialversicherungsgericht/ZH_SVG_001_BV-2009-00068_2011-03-23.html", "URL": "https://chid003d.ideso.ch/c050018/svg/findexweb.nsf/urteil.xsp?uid=UWEE-9AR5S2", "Checksum": "459014fb0eadcc9b63aee1a033d799e9"}, "Num": ["BV.2009.00068"], "Kopfzeile": [{"Sprachen": ["de"], "Text": "Z\u00fcrich Sozialverischerungsgericht 23.03.2011 BV.2009.00068"}, {"Sprachen": ["fr"], "Text": "Zurich Sozialverischerungsgericht 23.03.2011 BV.2009.00068"}, {"Sprachen": ["it"], "Text": "Zurigo Sozialverischerungsgericht 23.03.2011 BV.2009.00068"}], "Meta": [{"Sprachen": ["de"], "Text": "Z\u00fcrich Sozialverischerungsgericht "}, {"Sprachen": ["fr"], "Text": "Zurich Sozialverischerungsgericht "}, {"Sprachen": ["it"], "Text": "Zurigo Sozialverischerungsgericht "}], "Abstract": [{"Sprachen": ["de", "fr", "it"], "Text": "\u00dcberentsch\u00e4digungsberechnung: gem\u00e4ss Reglement sind die IV-Kinderrenten nur zur H\u00e4lfte anzurechnen, weshalb keine \u00dcberentsch\u00e4digung besteht."}], "ScrapyJob": "446973/33/117", "Zeit UTC": "21.02.2021 00:56:16", "Checksum": "d7a0da2a2852e71c304fa5b11968a4a0"}