{"Signatur": "ZH_SVG_001", "Spider": "ZH_Sozialversicherungsgericht", "Sprache": "de", "Datum": "2011-09-14", "HTML": {"Datei": "ZH_Sozialversicherungsgericht/ZH_SVG_001_BV-2010-00013_2011-09-14.html", "URL": "https://chid003d.ideso.ch/c050018/svg/findexweb.nsf/urteil.xsp?uid=UWEE-9AR6S5", "Checksum": "fc534535a01b31351c301fd295ca81a2"}, "Num": ["BV.2010.00013"], "Kopfzeile": [{"Sprachen": ["de"], "Text": "Z\u00fcrich Sozialverischerungsgericht 14.09.2011 BV.2010.00013"}, {"Sprachen": ["fr"], "Text": "Zurich Sozialverischerungsgericht 14.09.2011 BV.2010.00013"}, {"Sprachen": ["it"], "Text": "Zurigo Sozialverischerungsgericht 14.09.2011 BV.2010.00013"}], "Meta": [{"Sprachen": ["de"], "Text": "Z\u00fcrich Sozialverischerungsgericht "}, {"Sprachen": ["fr"], "Text": "Zurich Sozialverischerungsgericht "}, {"Sprachen": ["it"], "Text": "Zurigo Sozialverischerungsgericht "}], "Abstract": [{"Sprachen": ["de", "fr", "it"], "Text": "Invalidenleistungen; Eintritt der Arbeitsunf\u00e4higkeit, deren Ursache zur Invalidit\u00e4t gef\u00fchrt hat; enge sachliche und zeitliche Konnexit\u00e4t zum Vorsorgeverh\u00e4ltnis verneint."}], "ScrapyJob": "446973/33/117", "Zeit UTC": "21.02.2021 00:53:16", "Checksum": "eb9880bb8fbfa410f4a01ed7ab77439d"}