{"Signatur": "ZH_SVG_001", "Spider": "ZH_Sozialversicherungsgericht", "Sprache": "de", "Datum": "2011-11-30", "HTML": {"Datei": "ZH_Sozialversicherungsgericht/ZH_SVG_001_BV-2010-00021_2011-11-30.html", "URL": "https://chid003d.ideso.ch/c050018/svg/findexweb.nsf/urteil.xsp?uid=UWEE-9AR88N", "Checksum": "657a582f05e1ba7ebaad2c587cf6acb9"}, "Num": ["BV.2010.00021"], "Kopfzeile": [{"Sprachen": ["de"], "Text": "Z\u00fcrich Sozialverischerungsgericht 30.11.2011 BV.2010.00021"}, {"Sprachen": ["fr"], "Text": "Zurich Sozialverischerungsgericht 30.11.2011 BV.2010.00021"}, {"Sprachen": ["it"], "Text": "Zurigo Sozialverischerungsgericht 30.11.2011 BV.2010.00021"}], "Meta": [{"Sprachen": ["de"], "Text": "Z\u00fcrich Sozialverischerungsgericht "}, {"Sprachen": ["fr"], "Text": "Zurich Sozialverischerungsgericht "}, {"Sprachen": ["it"], "Text": "Zurigo Sozialverischerungsgericht "}], "Abstract": [{"Sprachen": ["de", "fr", "it"], "Text": "Zwischen w\u00e4hrend Vorsorgeverh\u00e4ltnis bestandener AUF und Invalidit\u00e4t besteht jedenfalls kein enger zeitlicher Zusammenhang; Abweisung."}], "ScrapyJob": "446973/33/117", "Zeit UTC": "21.02.2021 00:53:12", "Checksum": "e8f60a2d0b60a34b97f9424b60e3da15"}