{"Signatur": "ZH_SVG_001", "Spider": "ZH_Sozialversicherungsgericht", "Sprache": "de", "Datum": "2012-06-26", "HTML": {"Datei": "ZH_Sozialversicherungsgericht/ZH_SVG_001_BV-2010-00051_2012-06-26.html", "URL": "https://chid003d.ideso.ch/c050018/svg/findexweb.nsf/urteil.xsp?uid=UWEE-9AR8HQ", "Checksum": "8fa84eca79481554c8eec4d1969a9f6b"}, "Num": ["BV.2010.00051"], "Kopfzeile": [{"Sprachen": ["de"], "Text": "Z\u00fcrich Sozialverischerungsgericht 26.06.2012 BV.2010.00051"}, {"Sprachen": ["fr"], "Text": "Zurich Sozialverischerungsgericht 26.06.2012 BV.2010.00051"}, {"Sprachen": ["it"], "Text": "Zurigo Sozialverischerungsgericht 26.06.2012 BV.2010.00051"}], "Meta": [{"Sprachen": ["de"], "Text": "Z\u00fcrich Sozialverischerungsgericht "}, {"Sprachen": ["fr"], "Text": "Zurich Sozialverischerungsgericht "}, {"Sprachen": ["it"], "Text": "Zurigo Sozialverischerungsgericht "}], "Abstract": [{"Sprachen": ["de", "fr", "it"], "Text": "Invalidisierende AUF weg. Krankheit m. stetiger Erblindung trat schon w\u00e4hrend Vorsorgeverh\u00e4ltnis ein; Geh\u00f6rproblem keine Folge d. Krankheit; teilw. Gutheissung."}], "ScrapyJob": "446973/33/117", "Zeit UTC": "21.02.2021 00:53:12", "Checksum": "65401ca8dac71f364a2c156d9434210e"}