{"Signatur": "ZH_SVG_001", "Spider": "ZH_Sozialversicherungsgericht", "Sprache": "de", "Datum": "2014-09-16", "HTML": {"Datei": "ZH_Sozialversicherungsgericht/ZH_SVG_001_BV-2013-00023_2014-09-16.html", "URL": "https://findex.webgate.cloud/entscheide/BV.2013.00023.html", "Checksum": "2e27eaed511cefb5b58e3053a8573dd6"}, "Scrapedate": "2023-01-01", "Num": ["BV.2013.00023"], "Kopfzeile": [{"Sprachen": ["de"], "Text": "Z\u00fcrich Sozialversicherungsgericht 16.09.2014 BV.2013.00023"}, {"Sprachen": ["fr"], "Text": "Zurich Sozialversicherungsgericht 16.09.2014 BV.2013.00023"}, {"Sprachen": ["it"], "Text": "Zurigo Sozialversicherungsgericht 16.09.2014 BV.2013.00023"}], "Meta": [{"Sprachen": ["de"], "Text": "Z\u00fcrich Sozialversicherungsgericht "}, {"Sprachen": ["fr"], "Text": "Zurich Sozialversicherungsgericht "}, {"Sprachen": ["it"], "Text": "Zurigo Sozialversicherungsgericht "}], "Abstract": [{"Sprachen": ["de", "fr", "it"], "Text": "Eintritt der invalidisierenden Arbeitsunf\u00e4higkeit bei bipolarer St\u00f6rung; Unterbrechung des zeitlichen Zusammenhangs zur schon w\u00e4hrend Dauer des Vorsorgeverh\u00e4ltnisses mit Beklagter 2 bestandenen Arbeitsunf\u00e4higkeit; Verletzung Anzeigepflicht; Anspruch auf obligatorische Leistungen gegen\u00fcber Beklagter 1."}], "ScrapyJob": "446973/33/1864", "Zeit UTC": "06.05.2025 03:08:48", "Checksum": "abc64d85df8dcdf864258c8ce76efdf3"}