{"Signatur": "ZH_SVG_001", "Spider": "ZH_Sozialversicherungsgericht", "Sprache": "de", "Datum": "2016-12-12", "HTML": {"Datei": "ZH_Sozialversicherungsgericht/ZH_SVG_001_BV-2015-00011_2016-12-12.html", "URL": "https://findex.webgate.cloud/entscheide/BV.2015.00011.html", "Checksum": "9b23e57bb3b43cc1a9c54110b3eda6e6"}, "Scrapedate": "2023-01-01", "Num": ["BV.2015.00011"], "Kopfzeile": [{"Sprachen": ["de"], "Text": "Z\u00fcrich Sozialversicherungsgericht 12.12.2016 BV.2015.00011"}, {"Sprachen": ["fr"], "Text": "Zurich Sozialversicherungsgericht 12.12.2016 BV.2015.00011"}, {"Sprachen": ["it"], "Text": "Zurigo Sozialversicherungsgericht 12.12.2016 BV.2015.00011"}], "Meta": [{"Sprachen": ["de"], "Text": "Z\u00fcrich Sozialversicherungsgericht "}, {"Sprachen": ["fr"], "Text": "Zurich Sozialversicherungsgericht "}, {"Sprachen": ["it"], "Text": "Zurigo Sozialversicherungsgericht "}], "Abstract": [{"Sprachen": ["de", "fr", "it"], "Text": "Erhebliche qualitative Einschr\u00e4nkungen der Arbeitsf\u00e4higkeit k\u00f6nnen den zeitlichen Zusammenhang zwischen zwei Perioden mit \u00e4rztlich attestierten quantitativen Einschr\u00e4nkungen im Sinne der berufsvorsorgerechtlichen Rechtsprechung nach BGE 130 V 270 aufrechterhalten (BGE 9C_52/2017)"}], "ScrapyJob": "446973/33/1864", "Zeit UTC": "06.05.2025 03:18:30", "Checksum": "d6003883eea8e98a64c0769fdc006dbe"}