{"Signatur": "ZH_SVG_001", "Spider": "ZH_Sozialversicherungsgericht", "Sprache": "de", "Datum": "2016-08-31", "HTML": {"Datei": "ZH_Sozialversicherungsgericht/ZH_SVG_001_BV-2015-00032_2016-08-31.html", "URL": "https://findex.webgate.cloud/entscheide/BV.2015.00032.html", "Checksum": "45caf9ca68667f6685bc1b5c7855cdfd"}, "Scrapedate": "2023-01-01", "Num": ["BV.2015.00032"], "Kopfzeile": [{"Sprachen": ["de"], "Text": "Z\u00fcrich Sozialversicherungsgericht 31.08.2016 BV.2015.00032"}, {"Sprachen": ["fr"], "Text": "Zurich Sozialversicherungsgericht 31.08.2016 BV.2015.00032"}, {"Sprachen": ["it"], "Text": "Zurigo Sozialversicherungsgericht 31.08.2016 BV.2015.00032"}], "Meta": [{"Sprachen": ["de"], "Text": "Z\u00fcrich Sozialversicherungsgericht "}, {"Sprachen": ["fr"], "Text": "Zurich Sozialversicherungsgericht "}, {"Sprachen": ["it"], "Text": "Zurigo Sozialversicherungsgericht "}], "Abstract": [{"Sprachen": ["de", "fr", "it"], "Text": "Strittig, ob der zur Invalidit\u00e4t f\u00fchrende Gesundheitsschaden auch bereits w\u00e4hrend der Versicherungsdeckung bei der eingeklagten Vorsorgeeinrichtung zu einer Arbeitsunf\u00e4higkeit gef\u00fchrt hatte oder ob die damalige Arbeitsunf\u00e4higkeit durch andere Ursachen begr\u00fcndet war. Klage gutgeheissen. "}], "ScrapyJob": "446973/33/1864", "Zeit UTC": "06.05.2025 02:19:44", "Checksum": "aa999b053c5c6fe0ab5a81e709725819"}