{"Signatur": "ZH_SVG_001", "Spider": "ZH_Sozialversicherungsgericht", "Sprache": "de", "Datum": "2018-10-26", "HTML": {"Datei": "ZH_Sozialversicherungsgericht/ZH_SVG_001_BV-2016-00057_2018-10-26.html", "URL": "https://findex.webgate.cloud/entscheide/BV.2016.00057.html", "Checksum": "3d3064395a747871d1966755c193834d"}, "Scrapedate": "2023-01-01", "Num": ["BV.2016.00057"], "Kopfzeile": [{"Sprachen": ["de"], "Text": "Z\u00fcrich Sozialversicherungsgericht 26.10.2018 BV.2016.00057"}, {"Sprachen": ["fr"], "Text": "Zurich Sozialversicherungsgericht 26.10.2018 BV.2016.00057"}, {"Sprachen": ["it"], "Text": "Zurigo Sozialversicherungsgericht 26.10.2018 BV.2016.00057"}], "Meta": [{"Sprachen": ["de"], "Text": "Z\u00fcrich Sozialversicherungsgericht "}, {"Sprachen": ["fr"], "Text": "Zurich Sozialversicherungsgericht "}, {"Sprachen": ["it"], "Text": "Zurigo Sozialversicherungsgericht "}], "Abstract": [{"Sprachen": ["de", "fr", "it"], "Text": "Zeitlicher Zusammenhang strittig. Kl\u00e4ger ging bei vorbestehender Arbeitsunf\u00e4higkeit w\u00e4hrend 6 Monaten einer Arbeitst\u00e4tigkeit nach. Zeitlicher Zusammenhang nicht unterbrochen, da Arbeitsverh\u00e4ltnis aufgrund der krankheitstypischen Probleme (Pers\u00f6nlichkeitsst\u00f6rung) vom Arbeitgeber gek\u00fcndigt wurde."}], "ScrapyJob": "446973/33/1864", "Zeit UTC": "06.05.2025 03:27:54", "Checksum": "985dfbb6b121585c585342d07962b442"}