{"Signatur": "ZH_SVG_001", "Spider": "ZH_Sozialversicherungsgericht", "Sprache": "de", "Datum": "2018-03-21", "HTML": {"Datei": "ZH_Sozialversicherungsgericht/ZH_SVG_001_BV-2016-00073_2018-03-21.html", "URL": "https://findex.webgate.cloud/entscheide/BV.2016.00073.html", "Checksum": "7255b88c273da239dfe1a951363c66b9"}, "Scrapedate": "2023-01-01", "Num": ["BV.2016.00073"], "Kopfzeile": [{"Sprachen": ["de"], "Text": "Z\u00fcrich Sozialversicherungsgericht 21.03.2018 BV.2016.00073"}, {"Sprachen": ["fr"], "Text": "Zurich Sozialversicherungsgericht 21.03.2018 BV.2016.00073"}, {"Sprachen": ["it"], "Text": "Zurigo Sozialversicherungsgericht 21.03.2018 BV.2016.00073"}], "Meta": [{"Sprachen": ["de"], "Text": "Z\u00fcrich Sozialversicherungsgericht "}, {"Sprachen": ["fr"], "Text": "Zurich Sozialversicherungsgericht "}, {"Sprachen": ["it"], "Text": "Zurigo Sozialversicherungsgericht "}], "Abstract": [{"Sprachen": ["de", "fr", "it"], "Text": "Es sind keine weiteren Invalidenleistungen geschuldet, da zwischen der Arbeitsunf\u00e4higkeit w\u00e4hrend des Vorsorgeverh\u00e4ltnisses wegen Depressionen und der in der Folgezeit festgestellten Invalidit\u00e4t wegen einer Demenz vom Alzheimertyp kein sachlicher Zusammenhang besteht."}], "ScrapyJob": "446973/33/1864", "Zeit UTC": "06.05.2025 03:44:24", "Checksum": "d89d9812704b19082580d32c8b96dcf2"}