{"Signatur": "ZH_SVG_001", "Spider": "ZH_Sozialversicherungsgericht", "Sprache": "de", "Datum": "2018-12-07", "HTML": {"Datei": "ZH_Sozialversicherungsgericht/ZH_SVG_001_BV-2017-00016_2018-12-07.html", "URL": "https://findex.webgate.cloud/entscheide/BV.2017.00016.html", "Checksum": "430e724592d0af20434dc531c7743b7a"}, "Scrapedate": "2023-01-01", "Num": ["BV.2017.00016"], "Kopfzeile": [{"Sprachen": ["de"], "Text": "Z\u00fcrich Sozialversicherungsgericht 07.12.2018 BV.2017.00016"}, {"Sprachen": ["fr"], "Text": "Zurich Sozialversicherungsgericht 07.12.2018 BV.2017.00016"}, {"Sprachen": ["it"], "Text": "Zurigo Sozialversicherungsgericht 07.12.2018 BV.2017.00016"}], "Meta": [{"Sprachen": ["de"], "Text": "Z\u00fcrich Sozialversicherungsgericht "}, {"Sprachen": ["fr"], "Text": "Zurich Sozialversicherungsgericht "}, {"Sprachen": ["it"], "Text": "Zurigo Sozialversicherungsgericht "}], "Abstract": [{"Sprachen": ["de", "fr", "it"], "Text": "Sachliche Konnexit\u00e4t im Falle einer somatisch bedingten Arbeitsunf\u00e4higkeit und einer sp\u00e4teren Invalidisierung aufgrund psychischer Gr\u00fcnde; Voraussetzungen; i.c. verneint."}], "ScrapyJob": "446973/33/1864", "Zeit UTC": "06.05.2025 02:29:59", "Checksum": "ed62be61fdc26b1e48738226c72ae42d"}