{"Signatur": "ZH_SVG_001", "Spider": "ZH_Sozialversicherungsgericht", "Sprache": "de", "Datum": "2019-11-12", "HTML": {"Datei": "ZH_Sozialversicherungsgericht/ZH_SVG_001_BV-2017-00074_2019-11-12.html", "URL": "https://findex.webgate.cloud/entscheide/BV.2017.00074.html", "Checksum": "a6d9f2bbdf571b61a3856ca49ceb20a3"}, "Scrapedate": "2023-01-01", "Num": ["BV.2017.00074"], "Kopfzeile": [{"Sprachen": ["de"], "Text": "Z\u00fcrich Sozialversicherungsgericht 12.11.2019 BV.2017.00074"}, {"Sprachen": ["fr"], "Text": "Zurich Sozialversicherungsgericht 12.11.2019 BV.2017.00074"}, {"Sprachen": ["it"], "Text": "Zurigo Sozialversicherungsgericht 12.11.2019 BV.2017.00074"}], "Meta": [{"Sprachen": ["de"], "Text": "Z\u00fcrich Sozialversicherungsgericht "}, {"Sprachen": ["fr"], "Text": "Zurich Sozialversicherungsgericht "}, {"Sprachen": ["it"], "Text": "Zurigo Sozialversicherungsgericht "}], "Abstract": [{"Sprachen": ["de", "fr", "it"], "Text": "Eintritt der invalidisierenden Arbeitsunf\u00e4higkeit w\u00e4hrend der Dauer des Vorsorgeverh\u00e4ltnisses mit der Beklagten nicht erstellt, infolge versp\u00e4teter Anmeldung keine Bindungswirkung der Verf\u00fcgung der IV (BGE 9C_828/2019)"}], "ScrapyJob": "446973/33/1864", "Zeit UTC": "06.05.2025 03:27:53", "Checksum": "4dfc3dc1da2d8235152d051ad5aea04d"}