{"Signatur": "ZH_SVG_001", "Spider": "ZH_Sozialversicherungsgericht", "Sprache": "de", "Datum": "2019-04-30", "HTML": {"Datei": "ZH_Sozialversicherungsgericht/ZH_SVG_001_BV-2017-00089_2019-04-30.html", "URL": "https://findex.webgate.cloud/entscheide/BV.2017.00089.html", "Checksum": "9075cd719c78fe7f7c6aa12ffcf60204"}, "Scrapedate": "2023-01-01", "Num": ["BV.2017.00089"], "Kopfzeile": [{"Sprachen": ["de"], "Text": "Z\u00fcrich Sozialversicherungsgericht 30.04.2019 BV.2017.00089"}, {"Sprachen": ["fr"], "Text": "Zurich Sozialversicherungsgericht 30.04.2019 BV.2017.00089"}, {"Sprachen": ["it"], "Text": "Zurigo Sozialversicherungsgericht 30.04.2019 BV.2017.00089"}], "Meta": [{"Sprachen": ["de"], "Text": "Z\u00fcrich Sozialversicherungsgericht "}, {"Sprachen": ["fr"], "Text": "Zurich Sozialversicherungsgericht "}, {"Sprachen": ["it"], "Text": "Zurigo Sozialversicherungsgericht "}], "Abstract": [{"Sprachen": ["de", "fr", "it"], "Text": "Akzeptiert die Vorsorgeeinrichtung einen IV-Entscheid, der ihr nicht er\u00f6ffnet wurde, so ist auch die versicherte Person daran gebunden. Gem\u00e4ss der ersten IV-Verf\u00fcgung bestand bei Verf\u00fcgungserlass eine volle Arbeitsf\u00e4higkeit, weshalb kein zeitlicher Zusammenhang zwischen der Arbeitsunf\u00e4higkeit vor dieser Verf\u00fcgung und der nach der Neuanmeldung festgestellten Invalidit\u00e4t besteht. (BGE 9C_298/2019)"}], "ScrapyJob": "446973/33/1864", "Zeit UTC": "06.05.2025 02:26:54", "Checksum": "47283878a114061ec321a6d89599cfa8"}