{"Signatur": "ZH_SVG_001", "Spider": "ZH_Sozialversicherungsgericht", "Sprache": "de", "Datum": "2019-06-12", "HTML": {"Datei": "ZH_Sozialversicherungsgericht/ZH_SVG_001_BV-2018-00055_2019-06-12.html", "URL": "https://findex.webgate.cloud/entscheide/BV.2018.00055.html", "Checksum": "38d3a91a01bcf2620a07c8b707e2e7a6"}, "Scrapedate": "2023-01-01", "Num": ["BV.2018.00055"], "Kopfzeile": [{"Sprachen": ["de"], "Text": "Z\u00fcrich Sozialversicherungsgericht 12.06.2019 BV.2018.00055"}, {"Sprachen": ["fr"], "Text": "Zurich Sozialversicherungsgericht 12.06.2019 BV.2018.00055"}, {"Sprachen": ["it"], "Text": "Zurigo Sozialversicherungsgericht 12.06.2019 BV.2018.00055"}], "Meta": [{"Sprachen": ["de"], "Text": "Z\u00fcrich Sozialversicherungsgericht "}, {"Sprachen": ["fr"], "Text": "Zurich Sozialversicherungsgericht "}, {"Sprachen": ["it"], "Text": "Zurigo Sozialversicherungsgericht "}], "Abstract": [{"Sprachen": ["de", "fr", "it"], "Text": "Klage auf Vorleistungen abgewiesen, da der Kl\u00e4ger w\u00e4hrend beruflichen Massnahmen der IV nicht berufsvorsorgeversichert war und er zwischenzeitlich in einem Arbeitspensum t\u00e4tig war, gest\u00fctzt auf welches sich kein Anspruch auf Leistungen der obligatorischen beruflichen Vorsorge ergibt."}], "ScrapyJob": "446973/33/1864", "Zeit UTC": "06.05.2025 02:55:02", "Checksum": "08ea7d2f62c2ffb1788797aef92cbb5d"}