{"Signatur": "ZH_SVG_001", "Spider": "ZH_Sozialversicherungsgericht", "Sprache": "de", "Datum": "2020-05-29", "HTML": {"Datei": "ZH_Sozialversicherungsgericht/ZH_SVG_001_BV-2018-00065_2020-05-29.html", "URL": "https://findex.webgate.cloud/entscheide/BV.2018.00065.html", "Checksum": "f4dfaf0424de392b36201e4fa751869b"}, "Scrapedate": "2023-01-01", "Num": ["BV.2018.00065"], "Kopfzeile": [{"Sprachen": ["de"], "Text": "Z\u00fcrich Sozialversicherungsgericht 29.05.2020 BV.2018.00065"}, {"Sprachen": ["fr"], "Text": "Zurich Sozialversicherungsgericht 29.05.2020 BV.2018.00065"}, {"Sprachen": ["it"], "Text": "Zurigo Sozialversicherungsgericht 29.05.2020 BV.2018.00065"}], "Meta": [{"Sprachen": ["de"], "Text": "Z\u00fcrich Sozialversicherungsgericht "}, {"Sprachen": ["fr"], "Text": "Zurich Sozialversicherungsgericht "}, {"Sprachen": ["it"], "Text": "Zurigo Sozialversicherungsgericht "}], "Abstract": [{"Sprachen": ["de", "fr", "it"], "Text": "Keine sachliche Konnexit\u00e4t zwischen Arbeitsunf\u00e4higkeit und Invalidit\u00e4t. Der invalidisierende Gesundheitsschaden hat erst nach dem Vorsorgeverh\u00e4ltnis eine massgebliche Arbeitsunf\u00e4higkeit bewirkt. "}], "ScrapyJob": "446973/33/1864", "Zeit UTC": "06.05.2025 02:19:41", "Checksum": "c572f3b0ee641d3a0eb149a1edbc1ef5"}