{"Signatur": "ZH_SVG_001", "Spider": "ZH_Sozialversicherungsgericht", "Sprache": "de", "Datum": "2020-07-03", "HTML": {"Datei": "ZH_Sozialversicherungsgericht/ZH_SVG_001_BV-2018-00067_2020-07-03.html", "URL": "https://findex.webgate.cloud/entscheide/BV.2018.00067.html", "Checksum": "b47f69dd94f9599a4a93087e456e44f6"}, "Scrapedate": "2023-01-01", "Num": ["BV.2018.00067"], "Kopfzeile": [{"Sprachen": ["de"], "Text": "Z\u00fcrich Sozialversicherungsgericht 03.07.2020 BV.2018.00067"}, {"Sprachen": ["fr"], "Text": "Zurich Sozialversicherungsgericht 03.07.2020 BV.2018.00067"}, {"Sprachen": ["it"], "Text": "Zurigo Sozialversicherungsgericht 03.07.2020 BV.2018.00067"}], "Meta": [{"Sprachen": ["de"], "Text": "Z\u00fcrich Sozialversicherungsgericht "}, {"Sprachen": ["fr"], "Text": "Zurich Sozialversicherungsgericht "}, {"Sprachen": ["it"], "Text": "Zurigo Sozialversicherungsgericht "}], "Abstract": [{"Sprachen": ["de", "fr", "it"], "Text": "Kein sachlicher Zusammenhang gegeben. Es ist nicht \u00fcberwiegend wahrscheinlich, dass die invalidisierende neurologische Erkrankung bereits w\u00e4hrend der Vorsorgedeckung bei der Beklagten zu einer massgeblichen Einschr\u00e4nkung der Arbeitsf\u00e4higkeit gef\u00fchrt hat. (BGE 9C_517/2020)"}], "ScrapyJob": "446973/33/1864", "Zeit UTC": "06.05.2025 03:08:16", "Checksum": "49bdde1d99267d09cec1f54b6ff2afd8"}