{"Signatur": "ZH_SVG_001", "Spider": "ZH_Sozialversicherungsgericht", "Sprache": "de", "Datum": "2020-05-20", "HTML": {"Datei": "ZH_Sozialversicherungsgericht/ZH_SVG_001_BV-2019-00006_2020-05-20.html", "URL": "https://findex.webgate.cloud/entscheide/BV.2019.00006.html", "Checksum": "c8973b323d51449bbd25ed4a3b95887e"}, "Scrapedate": "2023-01-01", "Num": ["BV.2019.00006"], "Kopfzeile": [{"Sprachen": ["de"], "Text": "Z\u00fcrich Sozialversicherungsgericht 20.05.2020 BV.2019.00006"}, {"Sprachen": ["fr"], "Text": "Zurich Sozialversicherungsgericht 20.05.2020 BV.2019.00006"}, {"Sprachen": ["it"], "Text": "Zurigo Sozialversicherungsgericht 20.05.2020 BV.2019.00006"}], "Meta": [{"Sprachen": ["de"], "Text": "Z\u00fcrich Sozialversicherungsgericht "}, {"Sprachen": ["fr"], "Text": "Zurich Sozialversicherungsgericht "}, {"Sprachen": ["it"], "Text": "Zurigo Sozialversicherungsgericht "}], "Abstract": [{"Sprachen": ["de", "fr", "it"], "Text": "Anspruch auf Invalidenleistungen besteht gegen\u00fcber derjenigen Vorsorgeeinrichtung, welcher der Versicherte im Zeitpunkt des Eintritts der invalidisierenden Arbeitsunf\u00e4higkeit angeh\u00f6rte; Umfang der Versicherungsdeckung richtet sich nach dem Besch\u00e4ftigungsgrad"}], "ScrapyJob": "446973/33/1864", "Zeit UTC": "06.05.2025 03:18:45", "Checksum": "751919650d280d059564eb4ff6f46a23"}