{"Signatur": "ZH_SVG_001", "Spider": "ZH_Sozialversicherungsgericht", "Sprache": "de", "Datum": "2020-05-20", "HTML": {"Datei": "ZH_Sozialversicherungsgericht/ZH_SVG_001_BV-2019-00020_2020-05-20.html", "URL": "https://findex.webgate.cloud/entscheide/BV.2019.00020.html", "Checksum": "3d564e2f1d233afa2568cc7808bc952a"}, "Scrapedate": "2023-01-01", "Num": ["BV.2019.00020"], "Kopfzeile": [{"Sprachen": ["de"], "Text": "Z\u00fcrich Sozialversicherungsgericht 20.05.2020 BV.2019.00020"}, {"Sprachen": ["fr"], "Text": "Zurich Sozialversicherungsgericht 20.05.2020 BV.2019.00020"}, {"Sprachen": ["it"], "Text": "Zurigo Sozialversicherungsgericht 20.05.2020 BV.2019.00020"}], "Meta": [{"Sprachen": ["de"], "Text": "Z\u00fcrich Sozialversicherungsgericht "}, {"Sprachen": ["fr"], "Text": "Zurich Sozialversicherungsgericht "}, {"Sprachen": ["it"], "Text": "Zurigo Sozialversicherungsgericht "}], "Abstract": [{"Sprachen": ["de", "fr", "it"], "Text": "Zeitlicher Zusammenhang zur vorbestehenden und zur im laufenden Vorsorgeverh\u00e4ltnis entstandenen Arbeitsunf\u00e4higkeit ist unterbrochen; Verj\u00e4hrung der f\u00fcnf Jahre vor Klageeinreichung f\u00e4llig gewordenen Leistungen (BGE 9C_450/2020)"}], "ScrapyJob": "446973/33/1864", "Zeit UTC": "06.05.2025 03:44:24", "Checksum": "e82abfd1fa9294b87f1320e89f070570"}