{"Signatur": "ZH_SVG_001", "Spider": "ZH_Sozialversicherungsgericht", "Sprache": "de", "Datum": "2020-09-17", "HTML": {"Datei": "ZH_Sozialversicherungsgericht/ZH_SVG_001_BV-2019-00030_2020-09-17.html", "URL": "https://findex.webgate.cloud/entscheide/BV.2019.00030.html", "Checksum": "ccf22bec7508ae40f917cf1fefa5001a"}, "Scrapedate": "2023-01-01", "Num": ["BV.2019.00030"], "Kopfzeile": [{"Sprachen": ["de"], "Text": "Z\u00fcrich Sozialversicherungsgericht 17.09.2020 BV.2019.00030"}, {"Sprachen": ["fr"], "Text": "Zurich Sozialversicherungsgericht 17.09.2020 BV.2019.00030"}, {"Sprachen": ["it"], "Text": "Zurigo Sozialversicherungsgericht 17.09.2020 BV.2019.00030"}], "Meta": [{"Sprachen": ["de"], "Text": "Z\u00fcrich Sozialversicherungsgericht "}, {"Sprachen": ["fr"], "Text": "Zurich Sozialversicherungsgericht "}, {"Sprachen": ["it"], "Text": "Zurigo Sozialversicherungsgericht "}], "Abstract": [{"Sprachen": ["de", "fr", "it"], "Text": "Sachlicher Zusammenhang f\u00fcr Erh\u00f6hung der Invalidenrente strittig. Psychiatrische Erkrankung bestand bereits w\u00e4hrend Versicherungsdeckung, entsprechend ist sachl. Zusammenhang zu bejahen. "}], "ScrapyJob": "446973/33/1864", "Zeit UTC": "06.05.2025 02:39:59", "Checksum": "ea53a9c0908f561deb704e5e7edd2d76"}