{"Signatur": "ZH_SVG_001", "Spider": "ZH_Sozialversicherungsgericht", "Sprache": "de", "Datum": "2021-01-22", "HTML": {"Datei": "ZH_Sozialversicherungsgericht/ZH_SVG_001_BV-2019-00071_2021-01-22.html", "URL": "https://findex.webgate.cloud/entscheide/BV.2019.00071.html", "Checksum": "16733636df8d8c010a812e5a0c91491f"}, "Scrapedate": "2023-01-01", "Num": ["BV.2019.00071"], "Kopfzeile": [{"Sprachen": ["de"], "Text": "Z\u00fcrich Sozialversicherungsgericht 22.01.2021 BV.2019.00071"}, {"Sprachen": ["fr"], "Text": "Zurich Sozialversicherungsgericht 22.01.2021 BV.2019.00071"}, {"Sprachen": ["it"], "Text": "Zurigo Sozialversicherungsgericht 22.01.2021 BV.2019.00071"}], "Meta": [{"Sprachen": ["de"], "Text": "Z\u00fcrich Sozialversicherungsgericht "}, {"Sprachen": ["fr"], "Text": "Zurich Sozialversicherungsgericht "}, {"Sprachen": ["it"], "Text": "Zurigo Sozialversicherungsgericht "}], "Abstract": [{"Sprachen": ["de", "fr", "it"], "Text": "Invalidenrente. Eine viermonatige Arbeitst\u00e4tigkeit im 100%-Pensum hat den zeitlichen Zusammenhang zur urspr\u00fcnglichen Arbeitsunf\u00e4higkeit unterbrochen, bevor die Kl\u00e4gerin bei der Beklagten berufsvorsorgeversichert war. Die hernach bei bestehender Versicherungsunterstellung eingetretene Arbeitsunf\u00e4higkeit hat zur Invalidit\u00e4t gef\u00fchrt, weshalb die Beklagte daf\u00fcr leistungspflichtig ist."}], "ScrapyJob": "446973/33/1864", "Zeit UTC": "06.05.2025 03:02:31", "Checksum": "2617bfd455b9b968af123b6a8409b465"}