{"Signatur": "ZH_SVG_001", "Spider": "ZH_Sozialversicherungsgericht", "Sprache": "de", "Datum": "2021-02-19", "HTML": {"Datei": "ZH_Sozialversicherungsgericht/ZH_SVG_001_BV-2019-00077_2021-02-19.html", "URL": "https://findex.webgate.cloud/entscheide/BV.2019.00077.html", "Checksum": "93ea0ccca236932fc1cb5aa7c49c2e43"}, "Scrapedate": "2023-01-01", "Num": ["BV.2019.00077"], "Kopfzeile": [{"Sprachen": ["de"], "Text": "Z\u00fcrich Sozialversicherungsgericht 19.02.2021 BV.2019.00077"}, {"Sprachen": ["fr"], "Text": "Zurich Sozialversicherungsgericht 19.02.2021 BV.2019.00077"}, {"Sprachen": ["it"], "Text": "Zurigo Sozialversicherungsgericht 19.02.2021 BV.2019.00077"}], "Meta": [{"Sprachen": ["de"], "Text": "Z\u00fcrich Sozialversicherungsgericht "}, {"Sprachen": ["fr"], "Text": "Zurich Sozialversicherungsgericht "}, {"Sprachen": ["it"], "Text": "Zurigo Sozialversicherungsgericht "}], "Abstract": [{"Sprachen": ["de", "fr", "it"], "Text": "Invalidenrente. Ein Bezug von Taggeldern der Arbeitslosenversicherung w\u00e4hrend viereinhalb Monaten bei w\u00e4hrenddessen attestierter vollumf\u00e4nglicher Arbeitsf\u00e4higkeit f\u00fchrt zur Unterbrechung des zeitlichen Zusammenhangs und damit zur Verneinung einer Leistungspflicht der Beklagten. (BGE 9C_221/2021)"}], "ScrapyJob": "446973/33/1864", "Zeit UTC": "06.05.2025 03:08:16", "Checksum": "f30ee98deaf759ac237168cfb776a4d7"}