{"Signatur": "ZH_SVG_001", "Spider": "ZH_Sozialversicherungsgericht", "Sprache": "de", "Datum": "2021-04-29", "HTML": {"Datei": "ZH_Sozialversicherungsgericht/ZH_SVG_001_BV-2020-00005_2021-04-29.html", "URL": "https://findex.webgate.cloud/entscheide/BV.2020.00005.html", "Checksum": "c2f337ad23fc9fe6febde06b7eac7b5c"}, "Scrapedate": "2023-01-01", "Num": ["BV.2020.00005"], "Kopfzeile": [{"Sprachen": ["de"], "Text": "Z\u00fcrich Sozialversicherungsgericht 29.04.2021 BV.2020.00005"}, {"Sprachen": ["fr"], "Text": "Zurich Sozialversicherungsgericht 29.04.2021 BV.2020.00005"}, {"Sprachen": ["it"], "Text": "Zurigo Sozialversicherungsgericht 29.04.2021 BV.2020.00005"}], "Meta": [{"Sprachen": ["de"], "Text": "Z\u00fcrich Sozialversicherungsgericht "}, {"Sprachen": ["fr"], "Text": "Zurich Sozialversicherungsgericht "}, {"Sprachen": ["it"], "Text": "Zurigo Sozialversicherungsgericht "}], "Abstract": [{"Sprachen": ["de", "fr", "it"], "Text": "Zeitliche und sachliche Konnexit\u00e4t im Falle einer somatisch bedingten Arbeitsunf\u00e4higkeit und sp\u00e4terer Invalidisierung aus psychischen Gr\u00fcnden verneint."}], "ScrapyJob": "446973/33/1864", "Zeit UTC": "06.05.2025 03:18:47", "Checksum": "18cee62d258fc68c791f6e7b1478374d"}