{"Signatur": "ZH_SVG_001", "Spider": "ZH_Sozialversicherungsgericht", "Sprache": "de", "Datum": "2022-01-14", "HTML": {"Datei": "ZH_Sozialversicherungsgericht/ZH_SVG_001_BV-2020-00030_2022-01-14.html", "URL": "https://findex.webgate.cloud/entscheide/BV.2020.00030.html", "Checksum": "d99d26556eb935e95460a8ae7ce28f3c"}, "Scrapedate": "2023-01-01", "Num": ["BV.2020.00030"], "Kopfzeile": [{"Sprachen": ["de"], "Text": "Z\u00fcrich Sozialversicherungsgericht 14.01.2022 BV.2020.00030"}, {"Sprachen": ["fr"], "Text": "Zurich Sozialversicherungsgericht 14.01.2022 BV.2020.00030"}, {"Sprachen": ["it"], "Text": "Zurigo Sozialversicherungsgericht 14.01.2022 BV.2020.00030"}], "Meta": [{"Sprachen": ["de"], "Text": "Z\u00fcrich Sozialversicherungsgericht "}, {"Sprachen": ["fr"], "Text": "Zurich Sozialversicherungsgericht "}, {"Sprachen": ["it"], "Text": "Zurigo Sozialversicherungsgericht "}], "Abstract": [{"Sprachen": ["de", "fr", "it"], "Text": "GAV FAR. Der Kl\u00e4ger ist zumindest w\u00e4hrend zweier Jahre in den letzten sieben Jahren vor dem beantragten Leistungsbezug dem leitenden Personal zuzuordnen. Entsprechend wird er vom pers\u00f6nlichen Geltungsbereich des GAV FAR nicht erfasst und es sind die Anspruchsvoraussetzungen f\u00fcr eine \u00dcberbr\u00fcckungsrente nicht erf\u00fcllt."}], "ScrapyJob": "446973/33/1947", "Zeit UTC": "24.07.2025 00:46:23", "Checksum": "a96ab52459c2fe1cce31036bbf2b18a5"}