{"Signatur": "ZH_SVG_001", "Spider": "ZH_Sozialversicherungsgericht", "Sprache": "de", "Datum": "2021-10-28", "HTML": {"Datei": "ZH_Sozialversicherungsgericht/ZH_SVG_001_BV-2021-00015_2021-10-28.html", "URL": "https://findex.webgate.cloud/entscheide/BV.2021.00015.html", "Checksum": "15e250ff1826415bad88b733e7d431d5"}, "Scrapedate": "2023-01-01", "Num": ["BV.2021.00015"], "Kopfzeile": [{"Sprachen": ["de"], "Text": "Z\u00fcrich Sozialversicherungsgericht 28.10.2021 BV.2021.00015"}, {"Sprachen": ["fr"], "Text": "Zurich Sozialversicherungsgericht 28.10.2021 BV.2021.00015"}, {"Sprachen": ["it"], "Text": "Zurigo Sozialversicherungsgericht 28.10.2021 BV.2021.00015"}], "Meta": [{"Sprachen": ["de"], "Text": "Z\u00fcrich Sozialversicherungsgericht "}, {"Sprachen": ["fr"], "Text": "Zurich Sozialversicherungsgericht "}, {"Sprachen": ["it"], "Text": "Zurigo Sozialversicherungsgericht "}], "Abstract": [{"Sprachen": ["de", "fr", "it"], "Text": "Sachlicher Zusammenhang ist nicht gegeben. Es ist nicht \u00fcberwiegend wahrscheinlich, dass die Demenzerkrankung bereits w\u00e4hrend der Vorsorgedeckung bei der Beklagten zu einer massgeblichen Einschr\u00e4nkung der Arbeitsf\u00e4higkeit gef\u00fchrt hat. (BGE 9C_2/2022)"}], "ScrapyJob": "446973/33/1864", "Zeit UTC": "06.05.2025 02:39:58", "Checksum": "c89ba491640a31954c66655c9aa05569"}