{"Signatur": "ZH_SVG_001", "Spider": "ZH_Sozialversicherungsgericht", "Sprache": "de", "Datum": "2022-03-18", "HTML": {"Datei": "ZH_Sozialversicherungsgericht/ZH_SVG_001_BV-2021-00027_2022-03-18.html", "URL": "https://findex.webgate.cloud/entscheide/BV.2021.00027.html", "Checksum": "112ad692e51977a77ce27c20471eaebe"}, "Scrapedate": "2023-01-01", "Num": ["BV.2021.00027"], "Kopfzeile": [{"Sprachen": ["de"], "Text": "Z\u00fcrich Sozialversicherungsgericht 18.03.2022 BV.2021.00027"}, {"Sprachen": ["fr"], "Text": "Zurich Sozialversicherungsgericht 18.03.2022 BV.2021.00027"}, {"Sprachen": ["it"], "Text": "Zurigo Sozialversicherungsgericht 18.03.2022 BV.2021.00027"}], "Meta": [{"Sprachen": ["de"], "Text": "Z\u00fcrich Sozialversicherungsgericht "}, {"Sprachen": ["fr"], "Text": "Zurich Sozialversicherungsgericht "}, {"Sprachen": ["it"], "Text": "Zurigo Sozialversicherungsgericht "}], "Abstract": [{"Sprachen": ["de", "fr", "it"], "Text": "GAV FAR. Da der Kl\u00e4ger in den letzten 20\u00a0Jahren vor dem beantragten Leistungsbezug w\u00e4hrend 6\u00a0Jahren und 2\u00a0Monaten dem leitenden Personal zuzuordnen ist, hat die Beklagte die \u00dcberbr\u00fcckungsrente zu Recht um 14/180 gek\u00fcrzt. Kein R\u00fcckforderungsanspruch f\u00fcr w\u00e4hrenddessen geleistete FAR-Beitr\u00e4ge."}], "ScrapyJob": "446973/33/1947", "Zeit UTC": "24.07.2025 00:48:43", "Checksum": "36a92d1f22606398202e35f1ae17bd04"}