{"Signatur": "ZH_SVG_001", "Spider": "ZH_Sozialversicherungsgericht", "Sprache": "de", "Datum": "2022-09-15", "HTML": {"Datei": "ZH_Sozialversicherungsgericht/ZH_SVG_001_BV-2021-00039_2022-09-15.html", "URL": "https://findex.webgate.cloud/entscheide/BV.2021.00039.html", "Checksum": "b636a029b75240f4c85cef262dc555b3"}, "Scrapedate": "2024-01-29", "Num": ["BV.2021.00039"], "Kopfzeile": [{"Sprachen": ["de"], "Text": "Z\u00fcrich Sozialversicherungsgericht 15.09.2022 BV.2021.00039"}, {"Sprachen": ["fr"], "Text": "Zurich Sozialversicherungsgericht 15.09.2022 BV.2021.00039"}, {"Sprachen": ["it"], "Text": "Zurigo Sozialversicherungsgericht 15.09.2022 BV.2021.00039"}], "Meta": [{"Sprachen": ["de"], "Text": "Z\u00fcrich Sozialversicherungsgericht "}, {"Sprachen": ["fr"], "Text": "Zurich Sozialversicherungsgericht "}, {"Sprachen": ["it"], "Text": "Zurigo Sozialversicherungsgericht "}], "Abstract": [{"Sprachen": ["de", "fr", "it"], "Text": "AUF angestammt erstellt und deshalb Anspruch auf zweij\u00e4hrige Rente wg. Berufsinvalidit\u00e4t, zeitlicher Zusammenhang aufgrund AF angepasst w\u00e4hrend rund sieben Monaten hingegen unterbrochen und deshalb kein Anspruch auf weitere Leistungen der Beklagten (BGE 9C_521/2022)"}], "ScrapyJob": "446973/33/1380", "Zeit UTC": "29.01.2024 04:05:46", "Checksum": "e45ff39f24050f2d098f7db50a80c846"}