{"Signatur": "ZH_SVG_001", "Spider": "ZH_Sozialversicherungsgericht", "Sprache": "de", "Datum": "2022-09-16", "HTML": {"Datei": "ZH_Sozialversicherungsgericht/ZH_SVG_001_BV-2021-00039_2022-09-16.html", "URL": "https://findex.webgate.cloud/entscheide/BV.2021.00039.html", "Checksum": "908c6a31c4397f1be959b1c60473e8e6"}, "Scrapedate": "2023-01-01", "Num": ["BV.2021.00039"], "Kopfzeile": [{"Sprachen": ["de"], "Text": "Z\u00fcrich Sozialversicherungsgericht 16.09.2022 BV.2021.00039"}, {"Sprachen": ["fr"], "Text": "Zurich Sozialversicherungsgericht 16.09.2022 BV.2021.00039"}, {"Sprachen": ["it"], "Text": "Zurigo Sozialversicherungsgericht 16.09.2022 BV.2021.00039"}], "Meta": [{"Sprachen": ["de"], "Text": "Z\u00fcrich Sozialversicherungsgericht "}, {"Sprachen": ["fr"], "Text": "Zurich Sozialversicherungsgericht "}, {"Sprachen": ["it"], "Text": "Zurigo Sozialversicherungsgericht "}], "Abstract": [{"Sprachen": ["de", "fr", "it"], "Text": "AUF angestammt erstellt und deshalb Anspruch auf zweij\u00e4hrige Rente wg. Berufsinvalidit\u00e4t, zeitlicher Zusammenhang aufgrund AF angepasst w\u00e4hrend rund sieben Monaten hingegen unterbrochen und deshalb kein Anspruch auf weitere Leistungen der Beklagten (BGE 9C_521/2022)"}], "ScrapyJob": "446973/33/1947", "Zeit UTC": "24.07.2025 00:52:36", "Checksum": "8185112896810877ac72b796ba90b37b"}